{"id":46919,"date":"2025-11-19T07:10:41","date_gmt":"2025-11-19T06:10:41","guid":{"rendered":"https:\/\/format30.com\/?p=46919"},"modified":"2026-08-25T11:37:10","modified_gmt":"2026-08-25T10:37:10","slug":"mi-experiencia-europea-formation-3-0","status":"publish","type":"post","link":"https:\/\/format30.com\/es\/2025\/11\/19\/mon-experience-europeenne-a-formation-3-0\/","title":{"rendered":"Mi experiencia europea en Formaci\u00f3n 3.0"},"content":{"rendered":"<p class=\"wp-block-paragraph\"><strong>Angela Simona Romano nos cuenta su experiencia europea en la asociaci\u00f3n Formation 3.0. Testimonio de una becaria Erasmus.<\/strong><\/p>\n\n\n\n<div class=\"wp-block-buttons is-layout-flex wp-block-buttons-is-layout-flex\">\n<div class=\"wp-block-button is-style-circular\"><a class=\"wp-block-button__link has-white-color has-luminous-vivid-orange-background-color has-text-color has-background has-link-color wp-element-button\" href=\"https:\/\/google.com\/preferences\/source?q=format30.com\">\u00a1Haz que seamos una de tus fuentes favoritas!<\/a><\/div>\n<\/div>\n\n\n\n<figure class=\"wp-block-image alignleft size-medium\"><a href=\"https:\/\/i0.wp.com\/format30.com\/wp-content\/uploads\/2025\/11\/Angela-Simona-Romano.jpeg?ssl=1\"><img data-recalc-dims=\"1\" loading=\"lazy\" decoding=\"async\" width=\"225\" height=\"300\" data-attachment-id=\"47171\" data-permalink=\"https:\/\/format30.com\/es\/2025\/11\/19\/mon-experience-europeenne-a-formation-3-0\/angela-simona-romano\/\" data-orig-file=\"https:\/\/i0.wp.com\/format30.com\/wp-content\/uploads\/2025\/11\/Angela-Simona-Romano.jpeg?fit=1536%2C2048&amp;ssl=1\" data-orig-size=\"1536,2048\" data-comments-opened=\"1\" data-image-meta=\"{&quot;aperture&quot;:&quot;0&quot;,&quot;credit&quot;:&quot;&quot;,&quot;camera&quot;:&quot;&quot;,&quot;caption&quot;:&quot;&quot;,&quot;created_timestamp&quot;:&quot;0&quot;,&quot;copyright&quot;:&quot;&quot;,&quot;focal_length&quot;:&quot;0&quot;,&quot;iso&quot;:&quot;0&quot;,&quot;shutter_speed&quot;:&quot;0&quot;,&quot;title&quot;:&quot;&quot;,&quot;orientation&quot;:&quot;0&quot;}\" data-image-title=\"Angela Simona Romano\" data-image-description=\"\" data-image-caption=\"\" data-large-file=\"https:\/\/i0.wp.com\/format30.com\/wp-content\/uploads\/2025\/11\/Angela-Simona-Romano.jpeg?fit=768%2C1024&amp;ssl=1\" src=\"https:\/\/i0.wp.com\/format30.com\/wp-content\/uploads\/2025\/11\/Angela-Simona-Romano.jpeg?resize=225%2C300&#038;ssl=1\" alt=\"La experiencia europea de Angela tambi\u00e9n incluye una visita a Brujas.\" class=\"wp-image-47171\" style=\"aspect-ratio:9\/16;object-fit:cover\" srcset=\"https:\/\/i0.wp.com\/format30.com\/wp-content\/uploads\/2025\/11\/Angela-Simona-Romano.jpeg?resize=225%2C300&amp;ssl=1 225w, https:\/\/i0.wp.com\/format30.com\/wp-content\/uploads\/2025\/11\/Angela-Simona-Romano.jpeg?resize=768%2C1024&amp;ssl=1 768w, https:\/\/i0.wp.com\/format30.com\/wp-content\/uploads\/2025\/11\/Angela-Simona-Romano.jpeg?resize=1152%2C1536&amp;ssl=1 1152w, https:\/\/i0.wp.com\/format30.com\/wp-content\/uploads\/2025\/11\/Angela-Simona-Romano.jpeg?resize=9%2C12&amp;ssl=1 9w, https:\/\/i0.wp.com\/format30.com\/wp-content\/uploads\/2025\/11\/Angela-Simona-Romano.jpeg?resize=900%2C1200&amp;ssl=1 900w, https:\/\/i0.wp.com\/format30.com\/wp-content\/uploads\/2025\/11\/Angela-Simona-Romano.jpeg?resize=600%2C800&amp;ssl=1 600w, https:\/\/i0.wp.com\/format30.com\/wp-content\/uploads\/2025\/11\/Angela-Simona-Romano.jpeg?resize=450%2C600&amp;ssl=1 450w, https:\/\/i0.wp.com\/format30.com\/wp-content\/uploads\/2025\/11\/Angela-Simona-Romano.jpeg?resize=300%2C400&amp;ssl=1 300w, https:\/\/i0.wp.com\/format30.com\/wp-content\/uploads\/2025\/11\/Angela-Simona-Romano.jpeg?resize=150%2C200&amp;ssl=1 150w, https:\/\/i0.wp.com\/format30.com\/wp-content\/uploads\/2025\/11\/Angela-Simona-Romano.jpeg?resize=1200%2C1600&amp;ssl=1 1200w, https:\/\/i0.wp.com\/format30.com\/wp-content\/uploads\/2025\/11\/Angela-Simona-Romano.jpeg?w=1536&amp;ssl=1 1536w\" sizes=\"auto, (max-width: 225px) 100vw, 225px\" \/><\/a><figcaption class=\"wp-element-caption\">Angela Simona Romano.<\/figcaption><\/figure>\n\n\n\n<p class=\"wp-block-paragraph\">En este art\u00edculo, me presentar\u00e9 y analizar\u00e9 mi funci\u00f3n en Formation 3.0. Me llamo Angela Simona Romano, tengo 25 a\u00f1os y vengo de <a href=\"https:\/\/www.google.com\/search?q=caserte&amp;rlz=1C1ONGR_nlBE1176BE1176&amp;oq=caserte&amp;gs_lcrp=EgZjaHJvbWUqCggAEAAY4wIYgAQyCggAEAAY4wIYgAQyBwgBEC4YgAQyDQgCEC4YrwEYxwEYgAQyBwgDEAAYgAQyBwgEEAAYgAQyCQgFEC4YChiABDIHCAYQABiABDIHCAcQABiABDIHCAgQABiABDIHCAkQABiABNIBCDE2NjhqMGo3qAIIsAIB8QXSmi6ZTxf6Ww&amp;sourceid=chrome&amp;ie=UTF-8\" target=\"_blank\" rel=\"noreferrer noopener\">la provincia de Caserta<\/a>, en la regi\u00f3n de Campania, al sur de Italia, y actualmente estoy realizando unas pr\u00e1cticas en Formation 3.0. Soy licenciada en Lenguas, Literaturas y Culturas Inglesa y Espa\u00f1ola y tengo un m\u00e1ster en Comunicaci\u00f3n Profesional en el \u00e1mbito internacional e intercultural, pero tambi\u00e9n s\u00e9 portugu\u00e9s y franc\u00e9s, ya que me apasionan los idiomas y las culturas extranjeras.<\/p>\n\n\n\n<p class=\"wp-block-paragraph\">Mi funci\u00f3n en Formation consiste en traducir y redactar art\u00edculos, pero tambi\u00e9n me encargo de la mediaci\u00f3n para los grupos que nos eligen para comenzar su formaci\u00f3n con nosotros.<\/p>\n\n\n\n<p class=\"wp-block-paragraph\">He sido profesora de idiomas para la preparaci\u00f3n de los ex\u00e1menes Cambridge y Dele, as\u00ed como profesora particular de literatura para estudiantes de secundaria, bachillerato y universidad.<\/p>\n\n\n\n<h2 class=\"wp-block-heading\">La experiencia europea a trav\u00e9s de itinerarios personalizados<\/h2>\n\n\n\n<p class=\"wp-block-paragraph\">La ense\u00f1anza es una de las cosas m\u00e1s estimulantes que existen, por eso en Formation elaboramos itinerarios a medida para profesores y alumnos en diversas disciplinas, entre ellas la ciudadan\u00eda europea, una de las m\u00e1s populares. Las clases se imparten en varios idiomas, como ingl\u00e9s, franc\u00e9s e italiano, pero <a href=\"https:\/\/format30.com\/es\/recursos-gratuitos-en-idiomas\/\" target=\"_blank\" rel=\"noreferrer noopener\">los recursos<\/a> est\u00e1n disponibles en varios idiomas.<\/p>\n\n\n\n<p class=\"wp-block-paragraph\">Nuestras herramientas pedag\u00f3gicas est\u00e1n dotadas de sistemas de IA, capaces de satisfacer y preparar en 360 grados, pero la parte pr\u00e1ctica no se queda atr\u00e1s; en lo que respecta a los programas de ciudadan\u00eda europea, ofrecemos la posibilidad de visitar las sedes de las principales instituciones.<\/p>\n\n\n\n<p class=\"wp-block-paragraph\">Tambi\u00e9n organizamos visitas culturales a Bruselas, nuestra sede social, para que las personas a las que formamos puedan disfrutar de las bellezas de la ciudad y adquirir nuevos conocimientos.<\/p>\n\n\n\n<p class=\"wp-block-paragraph\">Elaboramos programas a medida y bajo demanda, y nos complace hacer que la estancia y la experiencia en Bruselas sean agradables, acompa\u00f1ando a los profesores que nos eligen en este camino.<\/p>\n\n\n\n<p class=\"wp-block-paragraph\">Nuestras visitas guiadas van acompa\u00f1adas de un recorrido te\u00f3rico preparatorio que permite una inmersi\u00f3n total en la ciudadan\u00eda europea y, a trav\u00e9s de las visitas, abordar los temas de manera concreta.<\/p>\n\n\n\n<p class=\"wp-block-paragraph\">Nuestros grupos son acompa\u00f1ados por el presidente de la asociaci\u00f3n, Marco Bertolini, al hemiciclo del Parlamento, donde se celebran algunas de las sesiones plenarias, la <a href=\"https:\/\/historia.europa.eu\/es\" target=\"_blank\" rel=\"noreferrer noopener\">Casa de la Historia Europea<\/a>, donde es posible recorrer las etapas de la historia europea desde sus inicios, el Parlamentarium, donde la tecnolog\u00eda permite asistir a la historia a lo largo de los a\u00f1os hasta nuestros d\u00edas, la exposici\u00f3n interactiva <a href=\"https:\/\/commission.europa.eu\/get-involved\/visit-european-commission\/experience-europe-exhibition-centre_es\" target=\"_blank\" rel=\"noreferrer noopener\">Experience Europe<\/a>, donde se puede participar en juegos interactivos con cuestionarios sobre la historia europea, explorar las instituciones y conocer los proyectos en los que trabajan.<\/p>\n\n\n\n<p class=\"wp-block-paragraph\">Nuestro objetivo es formar las mentes a trav\u00e9s de esta experiencia europea para que puedan reflexionar constantemente sobre el mundo en el que vivimos. Para ello, hay que entrar en materia, y con nosotros, eso es posible.<\/p>\n\n\n\n<p class=\"has-text-align-center is-style-info wp-block-paragraph\"><strong>\u00bfTe ha gustado este art\u00edculo? Suscr\u00edbete a&nbsp;<a href=\"https:\/\/pedagogiesactives.substack.com\/\">notre lettre d\u2019info<\/a>&nbsp;\u00a1Y no te pierdas ninguna publicaci\u00f3n! Es gratis y sin spam garantizado.<\/strong>&nbsp;!<\/p>","protected":false},"excerpt":{"rendered":"<p>Angela Simona Romano nous parle de son exp\u00e9rience europ\u00e9enne au sein de notre association, Formation 3.0 asbl. T\u00e9moignage d&rsquo;une interne Erasmus+. Dans cet article, je vais me pr\u00e9senter et analyser [&hellip;]<\/p>\n","protected":false},"author":133812135,"featured_media":47174,"comment_status":"open","ping_status":"open","sticky":false,"template":"","format":"standard","meta":{"_coblocks_attr":"","_coblocks_dimensions":"","_coblocks_responsive_height":"","_coblocks_accordion_ie_support":"","_monsterinsights_skip_tracking":false,"_EventAllDay":false,"_EventTimezone":"","_EventStartDate":"","_EventEndDate":"","_EventStartDateUTC":"","_EventEndDateUTC":"","_EventShowMap":false,"_EventShowMapLink":false,"_EventURL":"","_EventCost":"","_EventCostDescription":"","_EventCurrencySymbol":"","_EventCurrencyCode":"","_EventCurrencyPosition":"","_EventDateTimeSeparator":"","_EventTimeRangeSeparator":"","_EventOrganizerID":[],"_EventVenueID":[],"_OrganizerEmail":"","_OrganizerPhone":"","_OrganizerWebsite":"","_VenueAddress":"","_VenueCity":"","_VenueCountry":"","_VenueProvince":"","_VenueState":"","_VenueZip":"","_VenuePhone":"","_VenueURL":"","_VenueStateProvince":"","_VenueLat":"","_VenueLng":"","_VenueShowMap":false,"_VenueShowMapLink":false,"_jetpack_newsletter_access":"","_jetpack_dont_email_post_to_subs":false,"_jetpack_newsletter_tier_id":0,"_jetpack_memberships_contains_paywalled_content":false,"_wpcom_ai_launchpad_first_post":false,"_jetpack_feature_clip_id":0,"_jetpack_memberships_contains_paid_content":false,"footnotes":"","jetpack_publicize_message":"{title}\n\n{excerpt}\n\n{url}","jetpack_publicize_feature_enabled":true,"jetpack_social_post_already_shared":true,"jetpack_social_options":{"image_generator_settings":{"template":"highway","default_image_id":0,"font":"","enabled":false},"version":2},"_wpas_customize_per_network":false,"jetpack_post_was_ever_published":false},"categories":[775357721,4328],"tags":[143458,8087,775357427,775358236,61247,775357726,32599,775358235,775358237],"class_list":["post-46919","post","type-post","status-publish","format-standard","has-post-thumbnail","hentry","category-erasmus","category-europe","tag-bruxelles","tag-erasmus","tag-formation","tag-formation-3-0-asbl","tag-interne","tag-internship","tag-mobilite","tag-stagaire","tag-stage-erasmus-bruxelles"],"yoast_head":"<!-- This site is optimized with the Yoast SEO plugin v28.4 - https:\/\/yoast.com\/product\/yoast-seo-wordpress\/ -->\n<title>Mon exp\u00e9rience europ\u00e9enne \u00e0 Formation 3.0 - Formation 3.0<\/title>\n<meta name=\"description\" content=\"Angela Simona Romano nous fait part de son exp\u00e9rience europ\u00e9enne au sein de l&#039;association Formation 3.0. T\u00e9moignage d&#039;une stagiaire Erasmus.\" \/>\n<meta name=\"robots\" content=\"index, follow, max-snippet:-1, max-image-preview:large, max-video-preview:-1\" \/>\n<link rel=\"canonical\" href=\"https:\/\/format30.com\/es\/2025\/11\/19\/mi-experiencia-europea-formation-3-0\/\" \/>\n<meta property=\"og:locale\" content=\"es_ES\" \/>\n<meta property=\"og:type\" content=\"article\" \/>\n<meta property=\"og:title\" content=\"Mon exp\u00e9rience europ\u00e9enne \u00e0 Formation 3.0 - Formation 3.0\" \/>\n<meta property=\"og:description\" content=\"Angela Simona Romano nous fait part de son exp\u00e9rience europ\u00e9enne au sein de l&#039;association Formation 3.0. T\u00e9moignage d&#039;une stagiaire Erasmus.\" \/>\n<meta property=\"og:url\" content=\"https:\/\/format30.com\/es\/2025\/11\/19\/mi-experiencia-europea-formation-3-0\/\" \/>\n<meta property=\"og:site_name\" content=\"Formation 3.0\" \/>\n<meta property=\"article:publisher\" content=\"https:\/\/www.facebook.com\/Formation3.0\" \/>\n<meta property=\"article:published_time\" content=\"2025-11-19T06:10:41+00:00\" \/>\n<meta property=\"article:modified_time\" content=\"2026-08-25T10:37:10+00:00\" \/>\n<meta property=\"og:image\" content=\"https:\/\/format30.com\/wp-content\/uploads\/2025\/11\/Trois-Irlandaises-au-Parlement-europeen-1.jpg\" \/>\n\t<meta property=\"og:image:width\" content=\"1200\" \/>\n\t<meta property=\"og:image:height\" content=\"675\" \/>\n\t<meta property=\"og:image:type\" content=\"image\/jpeg\" \/>\n<meta name=\"author\" content=\"Angela Simona Romano\" \/>\n<meta name=\"twitter:card\" content=\"summary_large_image\" \/>\n<meta name=\"twitter:creator\" content=\"@Formation3_0\" \/>\n<meta name=\"twitter:site\" content=\"@Formation3_0\" \/>\n<meta name=\"twitter:label1\" content=\"Escrito por\" \/>\n\t<meta name=\"twitter:data1\" content=\"Angela Simona Romano\" \/>\n\t<meta name=\"twitter:label2\" content=\"Tiempo de lectura\" \/>\n\t<meta name=\"twitter:data2\" content=\"4 minutos\" \/>\n<script type=\"application\/ld+json\" class=\"yoast-schema-graph\">{\"@context\":\"https:\\\/\\\/schema.org\",\"@graph\":[{\"@type\":\"Article\",\"@id\":\"https:\\\/\\\/format30.com\\\/2025\\\/11\\\/19\\\/mon-experience-europeenne-a-formation-3-0\\\/#article\",\"isPartOf\":{\"@id\":\"https:\\\/\\\/format30.com\\\/2025\\\/11\\\/19\\\/mon-experience-europeenne-a-formation-3-0\\\/\"},\"author\":{\"name\":\"Angela Simona Romano\",\"@id\":\"https:\\\/\\\/format30.com\\\/#\\\/schema\\\/person\\\/e0aa5c6a7b1ed22b79c1732f2391a69c\"},\"headline\":\"Mon exp\u00e9rience europ\u00e9enne \u00e0 Formation 3.0\",\"datePublished\":\"2025-11-19T06:10:41+00:00\",\"dateModified\":\"2026-08-25T10:37:10+00:00\",\"mainEntityOfPage\":{\"@id\":\"https:\\\/\\\/format30.com\\\/2025\\\/11\\\/19\\\/mon-experience-europeenne-a-formation-3-0\\\/\"},\"wordCount\":626,\"commentCount\":0,\"publisher\":{\"@id\":\"https:\\\/\\\/format30.com\\\/#organization\"},\"image\":{\"@id\":\"https:\\\/\\\/format30.com\\\/2025\\\/11\\\/19\\\/mon-experience-europeenne-a-formation-3-0\\\/#primaryimage\"},\"thumbnailUrl\":\"https:\\\/\\\/i0.wp.com\\\/format30.com\\\/wp-content\\\/uploads\\\/2025\\\/11\\\/Trois-Irlandaises-au-Parlement-europeen-1.jpg?fit=1200%2C675&ssl=1\",\"keywords\":[\"Bruxelles\",\"erasmus\",\"formation\",\"formation 3.0 asbl\",\"interne\",\"Internship\",\"mobilit\u00e9\",\"stagaire\",\"stage erasmus bruxelles\"],\"articleSection\":[\"Erasmus+\",\"Europe\"],\"inLanguage\":\"es\",\"potentialAction\":[{\"@type\":\"CommentAction\",\"name\":\"Comment\",\"target\":[\"https:\\\/\\\/format30.com\\\/2025\\\/11\\\/19\\\/mon-experience-europeenne-a-formation-3-0\\\/#respond\"]}]},{\"@type\":\"WebPage\",\"@id\":\"https:\\\/\\\/format30.com\\\/2025\\\/11\\\/19\\\/mon-experience-europeenne-a-formation-3-0\\\/\",\"url\":\"https:\\\/\\\/format30.com\\\/2025\\\/11\\\/19\\\/mon-experience-europeenne-a-formation-3-0\\\/\",\"name\":\"Mon exp\u00e9rience europ\u00e9enne \u00e0 Formation 3.0 - Formation 3.0\",\"isPartOf\":{\"@id\":\"https:\\\/\\\/format30.com\\\/#website\"},\"primaryImageOfPage\":{\"@id\":\"https:\\\/\\\/format30.com\\\/2025\\\/11\\\/19\\\/mon-experience-europeenne-a-formation-3-0\\\/#primaryimage\"},\"image\":{\"@id\":\"https:\\\/\\\/format30.com\\\/2025\\\/11\\\/19\\\/mon-experience-europeenne-a-formation-3-0\\\/#primaryimage\"},\"thumbnailUrl\":\"https:\\\/\\\/i0.wp.com\\\/format30.com\\\/wp-content\\\/uploads\\\/2025\\\/11\\\/Trois-Irlandaises-au-Parlement-europeen-1.jpg?fit=1200%2C675&ssl=1\",\"datePublished\":\"2025-11-19T06:10:41+00:00\",\"dateModified\":\"2026-08-25T10:37:10+00:00\",\"description\":\"Angela Simona Romano nous fait part de son exp\u00e9rience europ\u00e9enne au sein de l'association Formation 3.0. T\u00e9moignage d'une stagiaire Erasmus.\",\"breadcrumb\":{\"@id\":\"https:\\\/\\\/format30.com\\\/2025\\\/11\\\/19\\\/mon-experience-europeenne-a-formation-3-0\\\/#breadcrumb\"},\"inLanguage\":\"es\",\"potentialAction\":[{\"@type\":\"ReadAction\",\"target\":[\"https:\\\/\\\/format30.com\\\/2025\\\/11\\\/19\\\/mon-experience-europeenne-a-formation-3-0\\\/\"]}]},{\"@type\":\"ImageObject\",\"inLanguage\":\"es\",\"@id\":\"https:\\\/\\\/format30.com\\\/2025\\\/11\\\/19\\\/mon-experience-europeenne-a-formation-3-0\\\/#primaryimage\",\"url\":\"https:\\\/\\\/i0.wp.com\\\/format30.com\\\/wp-content\\\/uploads\\\/2025\\\/11\\\/Trois-Irlandaises-au-Parlement-europeen-1.jpg?fit=1200%2C675&ssl=1\",\"contentUrl\":\"https:\\\/\\\/i0.wp.com\\\/format30.com\\\/wp-content\\\/uploads\\\/2025\\\/11\\\/Trois-Irlandaises-au-Parlement-europeen-1.jpg?fit=1200%2C675&ssl=1\",\"width\":1200,\"height\":675,\"caption\":\"Exp\u00e9rience europ\u00e9enne : trois enseignantes irlandaises montrent un texte en ga\u00e9lique au parlement europ\u00e9en\"},{\"@type\":\"BreadcrumbList\",\"@id\":\"https:\\\/\\\/format30.com\\\/2025\\\/11\\\/19\\\/mon-experience-europeenne-a-formation-3-0\\\/#breadcrumb\",\"itemListElement\":[{\"@type\":\"ListItem\",\"position\":1,\"name\":\"Accueil\",\"item\":\"https:\\\/\\\/format30.com\\\/\"},{\"@type\":\"ListItem\",\"position\":2,\"name\":\"Mon exp\u00e9rience europ\u00e9enne \u00e0 Formation 3.0\"}]},{\"@type\":\"WebSite\",\"@id\":\"https:\\\/\\\/format30.com\\\/#website\",\"url\":\"https:\\\/\\\/format30.com\\\/\",\"name\":\"Formation 3.0\",\"description\":\"Formation 3.0 est un site d\u00e9di\u00e9 \u00e0 la formation, \u00e0 l&#039;\u00e9ducation, \u00e0 l&#039;emploi des nouvelles technologies dans l&#039;enseignement et \u00e0 la pens\u00e9e visuelle.\",\"publisher\":{\"@id\":\"https:\\\/\\\/format30.com\\\/#organization\"},\"potentialAction\":[{\"@type\":\"SearchAction\",\"target\":{\"@type\":\"EntryPoint\",\"urlTemplate\":\"https:\\\/\\\/format30.com\\\/?s={search_term_string}\"},\"query-input\":{\"@type\":\"PropertyValueSpecification\",\"valueRequired\":true,\"valueName\":\"search_term_string\"}}],\"inLanguage\":\"es\"},{\"@type\":\"Organization\",\"@id\":\"https:\\\/\\\/format30.com\\\/#organization\",\"name\":\"Formation 3.0\",\"url\":\"https:\\\/\\\/format30.com\\\/\",\"logo\":{\"@type\":\"ImageObject\",\"inLanguage\":\"es\",\"@id\":\"https:\\\/\\\/format30.com\\\/#\\\/schema\\\/logo\\\/image\\\/\",\"url\":\"https:\\\/\\\/i0.wp.com\\\/format30.com\\\/wp-content\\\/uploads\\\/2024\\\/09\\\/6a1a3-cropped-logo-f30-2023.jpg?fit=512%2C512&ssl=1\",\"contentUrl\":\"https:\\\/\\\/i0.wp.com\\\/format30.com\\\/wp-content\\\/uploads\\\/2024\\\/09\\\/6a1a3-cropped-logo-f30-2023.jpg?fit=512%2C512&ssl=1\",\"width\":512,\"height\":512,\"caption\":\"Formation 3.0\"},\"image\":{\"@id\":\"https:\\\/\\\/format30.com\\\/#\\\/schema\\\/logo\\\/image\\\/\"},\"sameAs\":[\"https:\\\/\\\/www.facebook.com\\\/Formation3.0\",\"https:\\\/\\\/x.com\\\/Formation3_0\",\"https:\\\/\\\/www.linkedin.com\\\/company\\\/formation-3-0\\\/\"]},{\"@type\":\"Person\",\"@id\":\"https:\\\/\\\/format30.com\\\/#\\\/schema\\\/person\\\/e0aa5c6a7b1ed22b79c1732f2391a69c\",\"name\":\"Angela Simona Romano\",\"image\":{\"@type\":\"ImageObject\",\"inLanguage\":\"es\",\"@id\":\"https:\\\/\\\/secure.gravatar.com\\\/avatar\\\/ead450df20110a62f222d491e25d28b34f8b69069b450522dc258841f292e18a?s=96&r=g\",\"url\":\"https:\\\/\\\/secure.gravatar.com\\\/avatar\\\/ead450df20110a62f222d491e25d28b34f8b69069b450522dc258841f292e18a?s=96&r=g\",\"contentUrl\":\"https:\\\/\\\/secure.gravatar.com\\\/avatar\\\/ead450df20110a62f222d491e25d28b34f8b69069b450522dc258841f292e18a?s=96&r=g\",\"caption\":\"Angela Simona Romano\"},\"url\":\"https:\\\/\\\/format30.com\\\/es\\\/author\\\/angelae82a0a9134\\\/\"}]}<\/script>\n<!-- \/ Yoast SEO plugin. -->","yoast_head_json":{"title":"Mi experiencia europea en Formation 3.0","description":"Angela Simona Romano nos cuenta su experiencia europea en la asociaci\u00f3n Formation 3.0. Testimonio de una becaria Erasmus.","robots":{"index":"index","follow":"follow","max-snippet":"max-snippet:-1","max-image-preview":"max-image-preview:large","max-video-preview":"max-video-preview:-1"},"canonical":"https:\/\/format30.com\/es\/2025\/11\/19\/mi-experiencia-europea-formation-3-0\/","og_locale":"es_ES","og_type":"article","og_title":"Mon exp\u00e9rience europ\u00e9enne \u00e0 Formation 3.0 - Formation 3.0","og_description":"Angela Simona Romano nous fait part de son exp\u00e9rience europ\u00e9enne au sein de l'association Formation 3.0. T\u00e9moignage d'une stagiaire Erasmus.","og_url":"https:\/\/format30.com\/es\/2025\/11\/19\/mi-experiencia-europea-formation-3-0\/","og_site_name":"Formation 3.0","article_publisher":"https:\/\/www.facebook.com\/Formation3.0","article_published_time":"2025-11-19T06:10:41+00:00","article_modified_time":"2026-08-25T10:37:10+00:00","og_image":[{"width":1200,"height":675,"url":"https:\/\/format30.com\/wp-content\/uploads\/2025\/11\/Trois-Irlandaises-au-Parlement-europeen-1.jpg","type":"image\/jpeg"}],"author":"Angela Simona Romano","twitter_card":"summary_large_image","twitter_creator":"@Formation3_0","twitter_site":"@Formation3_0","twitter_misc":{"Escrito por":"Angela Simona Romano","Tiempo de lectura":"4 minutos"},"schema":{"@context":"https:\/\/schema.org","@graph":[{"@type":"Article","@id":"https:\/\/format30.com\/2025\/11\/19\/mon-experience-europeenne-a-formation-3-0\/#article","isPartOf":{"@id":"https:\/\/format30.com\/2025\/11\/19\/mon-experience-europeenne-a-formation-3-0\/"},"author":{"name":"Angela Simona Romano","@id":"https:\/\/format30.com\/#\/schema\/person\/e0aa5c6a7b1ed22b79c1732f2391a69c"},"headline":"Mon exp\u00e9rience europ\u00e9enne \u00e0 Formation 3.0","datePublished":"2025-11-19T06:10:41+00:00","dateModified":"2026-08-25T10:37:10+00:00","mainEntityOfPage":{"@id":"https:\/\/format30.com\/2025\/11\/19\/mon-experience-europeenne-a-formation-3-0\/"},"wordCount":626,"commentCount":0,"publisher":{"@id":"https:\/\/format30.com\/#organization"},"image":{"@id":"https:\/\/format30.com\/2025\/11\/19\/mon-experience-europeenne-a-formation-3-0\/#primaryimage"},"thumbnailUrl":"https:\/\/i0.wp.com\/format30.com\/wp-content\/uploads\/2025\/11\/Trois-Irlandaises-au-Parlement-europeen-1.jpg?fit=1200%2C675&ssl=1","keywords":["Bruxelles","erasmus","formation","formation 3.0 asbl","interne","Internship","mobilit\u00e9","stagaire","stage erasmus bruxelles"],"articleSection":["Erasmus+","Europe"],"inLanguage":"es","potentialAction":[{"@type":"CommentAction","name":"Comment","target":["https:\/\/format30.com\/2025\/11\/19\/mon-experience-europeenne-a-formation-3-0\/#respond"]}]},{"@type":"WebPage","@id":"https:\/\/format30.com\/2025\/11\/19\/mon-experience-europeenne-a-formation-3-0\/","url":"https:\/\/format30.com\/2025\/11\/19\/mon-experience-europeenne-a-formation-3-0\/","name":"Mi experiencia europea en Formation 3.0","isPartOf":{"@id":"https:\/\/format30.com\/#website"},"primaryImageOfPage":{"@id":"https:\/\/format30.com\/2025\/11\/19\/mon-experience-europeenne-a-formation-3-0\/#primaryimage"},"image":{"@id":"https:\/\/format30.com\/2025\/11\/19\/mon-experience-europeenne-a-formation-3-0\/#primaryimage"},"thumbnailUrl":"https:\/\/i0.wp.com\/format30.com\/wp-content\/uploads\/2025\/11\/Trois-Irlandaises-au-Parlement-europeen-1.jpg?fit=1200%2C675&ssl=1","datePublished":"2025-11-19T06:10:41+00:00","dateModified":"2026-08-25T10:37:10+00:00","description":"Angela Simona Romano nos cuenta su experiencia europea en la asociaci\u00f3n Formation 3.0. Testimonio de una becaria Erasmus.","breadcrumb":{"@id":"https:\/\/format30.com\/2025\/11\/19\/mon-experience-europeenne-a-formation-3-0\/#breadcrumb"},"inLanguage":"es","potentialAction":[{"@type":"ReadAction","target":["https:\/\/format30.com\/2025\/11\/19\/mon-experience-europeenne-a-formation-3-0\/"]}]},{"@type":"ImageObject","inLanguage":"es","@id":"https:\/\/format30.com\/2025\/11\/19\/mon-experience-europeenne-a-formation-3-0\/#primaryimage","url":"https:\/\/i0.wp.com\/format30.com\/wp-content\/uploads\/2025\/11\/Trois-Irlandaises-au-Parlement-europeen-1.jpg?fit=1200%2C675&ssl=1","contentUrl":"https:\/\/i0.wp.com\/format30.com\/wp-content\/uploads\/2025\/11\/Trois-Irlandaises-au-Parlement-europeen-1.jpg?fit=1200%2C675&ssl=1","width":1200,"height":675,"caption":"Exp\u00e9rience europ\u00e9enne : trois enseignantes irlandaises montrent un texte en ga\u00e9lique au parlement europ\u00e9en"},{"@type":"BreadcrumbList","@id":"https:\/\/format30.com\/2025\/11\/19\/mon-experience-europeenne-a-formation-3-0\/#breadcrumb","itemListElement":[{"@type":"ListItem","position":1,"name":"Accueil","item":"https:\/\/format30.com\/"},{"@type":"ListItem","position":2,"name":"Mon exp\u00e9rience europ\u00e9enne \u00e0 Formation 3.0"}]},{"@type":"WebSite","@id":"https:\/\/format30.com\/#website","url":"https:\/\/format30.com\/","name":"Formation 3.0","description":"Formaci\u00f3n 3.0 es un sitio web dedicado a la formaci\u00f3n, la educaci\u00f3n, el uso de las nuevas tecnolog\u00edas en la ense\u00f1anza y el pensamiento visual.","publisher":{"@id":"https:\/\/format30.com\/#organization"},"potentialAction":[{"@type":"SearchAction","target":{"@type":"EntryPoint","urlTemplate":"https:\/\/format30.com\/?s={search_term_string}"},"query-input":{"@type":"PropertyValueSpecification","valueRequired":true,"valueName":"search_term_string"}}],"inLanguage":"es"},{"@type":"Organization","@id":"https:\/\/format30.com\/#organization","name":"Formation 3.0","url":"https:\/\/format30.com\/","logo":{"@type":"ImageObject","inLanguage":"es","@id":"https:\/\/format30.com\/#\/schema\/logo\/image\/","url":"https:\/\/i0.wp.com\/format30.com\/wp-content\/uploads\/2024\/09\/6a1a3-cropped-logo-f30-2023.jpg?fit=512%2C512&ssl=1","contentUrl":"https:\/\/i0.wp.com\/format30.com\/wp-content\/uploads\/2024\/09\/6a1a3-cropped-logo-f30-2023.jpg?fit=512%2C512&ssl=1","width":512,"height":512,"caption":"Formation 3.0"},"image":{"@id":"https:\/\/format30.com\/#\/schema\/logo\/image\/"},"sameAs":["https:\/\/www.facebook.com\/Formation3.0","https:\/\/x.com\/Formation3_0","https:\/\/www.linkedin.com\/company\/formation-3-0\/"]},{"@type":"Person","@id":"https:\/\/format30.com\/#\/schema\/person\/e0aa5c6a7b1ed22b79c1732f2391a69c","name":"Angela Simona Romano","image":{"@type":"ImageObject","inLanguage":"es","@id":"https:\/\/secure.gravatar.com\/avatar\/ead450df20110a62f222d491e25d28b34f8b69069b450522dc258841f292e18a?s=96&r=g","url":"https:\/\/secure.gravatar.com\/avatar\/ead450df20110a62f222d491e25d28b34f8b69069b450522dc258841f292e18a?s=96&r=g","contentUrl":"https:\/\/secure.gravatar.com\/avatar\/ead450df20110a62f222d491e25d28b34f8b69069b450522dc258841f292e18a?s=96&r=g","caption":"Angela Simona Romano"},"url":"https:\/\/format30.com\/es\/author\/angelae82a0a9134\/"}]}},"jetpack_publicize_connections":[],"jetpack_likes_enabled":true,"jetpack_sharing_enabled":true,"jetpack_shortlink":"https:\/\/wp.me\/pK9xl-ccL","jetpack-related-posts":[],"amp_enabled":true,"jetpack_featured_media_url":"https:\/\/i0.wp.com\/format30.com\/wp-content\/uploads\/2025\/11\/Trois-Irlandaises-au-Parlement-europeen-1.jpg?fit=1200%2C675&ssl=1","_links":{"self":[{"href":"https:\/\/format30.com\/es\/wp-json\/wp\/v2\/posts\/46919","targetHints":{"allow":["GET"]}}],"collection":[{"href":"https:\/\/format30.com\/es\/wp-json\/wp\/v2\/posts"}],"about":[{"href":"https:\/\/format30.com\/es\/wp-json\/wp\/v2\/types\/post"}],"author":[{"embeddable":true,"href":"https:\/\/format30.com\/es\/wp-json\/wp\/v2\/users\/133812135"}],"replies":[{"embeddable":true,"href":"https:\/\/format30.com\/es\/wp-json\/wp\/v2\/comments?post=46919"}],"version-history":[{"count":13,"href":"https:\/\/format30.com\/es\/wp-json\/wp\/v2\/posts\/46919\/revisions"}],"predecessor-version":[{"id":57454,"href":"https:\/\/format30.com\/es\/wp-json\/wp\/v2\/posts\/46919\/revisions\/57454"}],"wp:featuredmedia":[{"embeddable":true,"href":"https:\/\/format30.com\/es\/wp-json\/wp\/v2\/media\/47174"}],"wp:attachment":[{"href":"https:\/\/format30.com\/es\/wp-json\/wp\/v2\/media?parent=46919"}],"wp:term":[{"taxonomy":"category","embeddable":true,"href":"https:\/\/format30.com\/es\/wp-json\/wp\/v2\/categories?post=46919"},{"taxonomy":"post_tag","embeddable":true,"href":"https:\/\/format30.com\/es\/wp-json\/wp\/v2\/tags?post=46919"}],"curies":[{"name":"wp","href":"https:\/\/api.w.org\/{rel}","templated":true}]}}