{"id":57177,"date":"2026-08-17T06:00:00","date_gmt":"2026-08-17T05:00:00","guid":{"rendered":"https:\/\/format30.com\/?p=57177"},"modified":"2026-08-25T10:42:34","modified_gmt":"2026-08-25T09:42:34","slug":"como-fijar-los-conceptos-en-la-memoria-de-tus-participantes","status":"publish","type":"post","link":"https:\/\/format30.com\/es\/2026\/08\/17\/comment-fixer-les-notions-dans-la-memoire-de-vos-participants\/","title":{"rendered":"C\u00f3mo fijar los conceptos en la memoria de tus participantes"},"content":{"rendered":"<p class=\"wp-block-paragraph\"><strong>\u00bfC\u00f3mo fijar los conceptos en la memoria de tus participantes? Existen varios m\u00e9todos, por supuesto. Pero hoy te propongo uno sencillo y que ha demostrado su eficacia: el resumen del cap\u00edtulo. Se puede utilizar tanto en clase como en l\u00ednea.<\/strong><\/p>\n\n\n\n<div class=\"wp-block-buttons is-layout-flex wp-block-buttons-is-layout-flex\">\n<div class=\"wp-block-button is-style-circular\"><a class=\"wp-block-button__link has-white-color has-luminous-vivid-orange-background-color has-text-color has-background has-link-color wp-element-button\" href=\"https:\/\/google.com\/preferences\/source?q=format30.com\">\u00a1Haz que seamos una de tus fuentes favoritas!<\/a><\/div>\n<\/div>\n\n\n<div class=\"wp-block-post-time-to-read\">3\u20134 minutos<\/div>\n\n\n<nav aria-label=\"Tabla de contenidos\" class=\"wp-block-table-of-contents\"><ol><li><a class=\"wp-block-table-of-contents__entry\" href=\"https:\/\/format30.com\/es\/2026\/08\/17\/como-fijar-los-conceptos-en-la-memoria-de-tus-participantes\/#resumez-les-notions-cles-de-votre-chapitre-ou-module\">Resume los conceptos clave de tu cap\u00edtulo o m\u00f3dulo<\/a><\/li><li><a class=\"wp-block-table-of-contents__entry\" href=\"https:\/\/format30.com\/es\/2026\/08\/17\/como-fijar-los-conceptos-en-la-memoria-de-tus-participantes\/#fixer-les-notions-dans-la-memoire-de-vos-participants-avec-une-infographie\">Consigue que tus alumnos retengan los conceptos con una infograf\u00eda.<\/a><\/li><li><a class=\"wp-block-table-of-contents__entry\" href=\"https:\/\/format30.com\/es\/2026\/08\/17\/como-fijar-los-conceptos-en-la-memoria-de-tus-participantes\/#fixer-les-notions-dans-la-memoire-a-l-aide-d-une-carte-mentale\">Fijar los conceptos en la memoria mediante un mapa mental<\/a><\/li><\/ol><\/nav>\n\n\n\n<p class=\"wp-block-paragraph\">Hay muchos m\u00e9todos para facilitar la memorizaci\u00f3n de tus clases. Ya he propuesto algunos de ellos en este <a href=\"https:\/\/format30.com\/es\/2012\/06\/11\/etudier-efficacement-reutiliser-la-matiere\/\" data-type=\"post\" data-id=\"4279\">art\u00edculo muy antiguo<\/a> o tambi\u00e9n en este otro <a href=\"https:\/\/format30.com\/es\/2014\/07\/30\/comment-tout-memoriser-rapidement-avec-les-repetitions-espacees-2\/\" data-type=\"post\" data-id=\"36257\">sobre los ensayos espaciados<\/a>. Sin embargo, hay una que es muy f\u00e1cil de poner en pr\u00e1ctica y que se puede utilizar tanto en clase como en l\u00ednea: <strong>la del resumen del cap\u00edtulo o del m\u00f3dulo<\/strong>.<\/p>\n\n\n\n<h2 id=\"resumez-les-notions-cles-de-votre-chapitre-ou-module\" class=\"wp-block-heading\">Resume los conceptos clave de tu cap\u00edtulo o m\u00f3dulo<\/h2>\n\n\n\n<p class=\"wp-block-paragraph\">Este m\u00e9todo no tiene nada de revolucionario: estoy seguro de que ya lo utilizas de forma intuitiva. Basta con repetir las ideas principales de tu lecci\u00f3n al final de la misma.<\/p>\n\n\n\n<p class=\"wp-block-paragraph\">Lo que os propongo no es otra cosa que plasmar estas ideas para que vuestros alumnos puedan volver a consultarlas cuando lo deseen:<\/p>\n\n\n\n<ul class=\"wp-block-list\">\n<li>cuando repasan la clase en casa<\/li>\n\n\n\n<li>cuando se preparan para un examen<\/li>\n\n\n\n<li>cuando repasan la clase para preparar un deber o un trabajo en clase<\/li>\n<\/ul>\n\n\n\n<blockquote class=\"wp-block-coblocks-click-to-tweet\"><p class=\"wp-block-coblocks-click-to-tweet__text\">El principio es muy sencillo: al final de cada cap\u00edtulo, resume los conceptos clave que acabas de tratar.<\/p><a class=\"wp-block-coblocks-click-to-tweet__twitter-btn\" href=\"http:\/\/twitter.com\/share?&amp;text=Le%20principe%20est%20tr%C3%A8s%20simple%20%3A%20en%20fin%20de%20chapitre%2C%20proposez%20les%20notions-cl%C3%A9s%20que%20vous%20venez%20d'aborder.&amp;url=https%3A%2F%2Fformat30.com%2Fes%2F2026%2F08%2F17%2Fcomment-fixer-les-notions-dans-la-memoire-de-vos-participants%2F\" rel=\"noopener noreferrer\" target=\"_blank\">Tweet<\/a><\/blockquote>\n\n\n\n<h2 id=\"fixer-les-notions-dans-la-memoire-de-vos-participants-avec-une-infographie\" class=\"wp-block-heading\">Consigue que tus alumnos retengan los conceptos con una infograf\u00eda.<\/h2>\n\n\n\n<p class=\"wp-block-paragraph\">Para nuestros <a href=\"https:\/\/format30.com\/es\/cours-gratuits-ressources-educatives-libres\/#h-mooc-dys\">MOOC \u00abDys\u00bb sobre los trastornos del aprendizaje<\/a> et <a href=\"https:\/\/format30.com\/es\/cours-gratuits-ressources-educatives-libres\/#h-mooc-dimpa\">Dimpa, sobre las nuevas tecnolog\u00edas de publicaci\u00f3n<\/a>, hemos utilizado infograf\u00edas para resumir cada uno de nuestros cap\u00edtulos o m\u00f3dulos. Estas infograf\u00edas, creadas a partir de plantillas de Canva for Work, no llevan mucho tiempo elaborarlas. <strong>Adem\u00e1s, combinan texto e imagen para reforzar la memorizaci\u00f3n. Es el mismo principio que se aplica a los mapas mentales.<\/strong>. Lo resumo en el v\u00eddeo que aparece a continuaci\u00f3n:<\/p>\n\n\n\n<figure class=\"wp-block-embed is-type-video is-provider-youtube wp-block-embed-youtube wp-embed-aspect-16-9 wp-has-aspect-ratio\"><div class=\"wp-block-embed__wrapper\">\n<span class=\"embed-youtube\" style=\"text-align:center; display: block;\"><iframe loading=\"lazy\" class=\"youtube-player\" width=\"640\" height=\"360\" src=\"https:\/\/www.youtube.com\/embed\/-UVDTFzACtc?version=3&enablejsapi=1#038;rel=1&#038;showsearch=0&#038;showinfo=1&#038;iv_load_policy=1&#038;fs=1&#038;hl=es-ES&#038;autohide=2&#038;wmode=transparent\" allowfullscreen=\"true\" style=\"border:0;\" sandbox=\"allow-scripts allow-same-origin allow-popups allow-presentation allow-popups-to-escape-sandbox\"><\/iframe><\/span>\n<\/div><\/figure>\n\n\n\n<p class=\"wp-block-paragraph\">Otra ventaja de estas infograf\u00edas es que tus alumnos pueden descargarlas en formato PDF. De este modo, pueden guardarlas, e incluso imprimirlas y consultarlas cuando lo deseen.<\/p>\n\n\n\n<figure class=\"wp-block-image alignfull size-large\"><a href=\"https:\/\/i0.wp.com\/format30.com\/wp-content\/uploads\/2026\/08\/Intro-Synthese-du-Module.jpg?ssl=1\"><img data-recalc-dims=\"1\" loading=\"lazy\" decoding=\"async\" width=\"410\" height=\"1024\" data-attachment-id=\"57193\" data-permalink=\"https:\/\/format30.com\/es\/2026\/08\/17\/comment-fixer-les-notions-dans-la-memoire-de-vos-participants\/intro-synthese-du-module\/\" data-orig-file=\"https:\/\/i0.wp.com\/format30.com\/wp-content\/uploads\/2026\/08\/Intro-Synthese-du-Module.jpg?fit=800%2C2000&amp;ssl=1\" data-orig-size=\"800,2000\" data-comments-opened=\"1\" data-image-meta=\"{&quot;aperture&quot;:&quot;0&quot;,&quot;credit&quot;:&quot;&quot;,&quot;camera&quot;:&quot;&quot;,&quot;caption&quot;:&quot;&quot;,&quot;created_timestamp&quot;:&quot;0&quot;,&quot;copyright&quot;:&quot;&quot;,&quot;focal_length&quot;:&quot;0&quot;,&quot;iso&quot;:&quot;0&quot;,&quot;shutter_speed&quot;:&quot;0&quot;,&quot;title&quot;:&quot;&quot;,&quot;orientation&quot;:&quot;1&quot;,&quot;alt&quot;:&quot;&quot;}\" data-image-title=\"Intro &amp;#8211; Synth\u00e8se du Module\" data-image-description=\"\" data-image-caption=\"\" data-large-file=\"https:\/\/i0.wp.com\/format30.com\/wp-content\/uploads\/2026\/08\/Intro-Synthese-du-Module.jpg?fit=410%2C1024&amp;ssl=1\" src=\"https:\/\/format30.com\/wp-content\/uploads\/2026\/08\/5-cosas-que-aprendiste-in-esto-modulo.jpg\" alt=\"Consigue que tus alumnos retengan los conceptos con una infograf\u00eda.\" class=\"wp-image-57193\" srcset=\"https:\/\/i0.wp.com\/format30.com\/wp-content\/uploads\/2026\/08\/5-cosas-que-aprendiste-in-esto-modulo.jpg?w=800&ssl=1 800w, https:\/\/i0.wp.com\/format30.com\/wp-content\/uploads\/2026\/08\/5-cosas-que-aprendiste-in-esto-modulo.jpg?resize=120%2C300&ssl=1 120w, https:\/\/i0.wp.com\/format30.com\/wp-content\/uploads\/2026\/08\/5-cosas-que-aprendiste-in-esto-modulo.jpg?resize=410%2C1024&ssl=1 410w, https:\/\/i0.wp.com\/format30.com\/wp-content\/uploads\/2026\/08\/5-cosas-que-aprendiste-in-esto-modulo.jpg?resize=768%2C1920&ssl=1 768w, https:\/\/i0.wp.com\/format30.com\/wp-content\/uploads\/2026\/08\/5-cosas-que-aprendiste-in-esto-modulo.jpg?resize=614%2C1536&ssl=1 614w, https:\/\/i0.wp.com\/format30.com\/wp-content\/uploads\/2026\/08\/5-cosas-que-aprendiste-in-esto-modulo.jpg?resize=5%2C12&ssl=1 5w\" sizes=\"auto, (max-width: 410px) 100vw, 410px\" \/><\/a><figcaption class=\"wp-element-caption\">Infograf\u00eda al final del m\u00f3dulo de introducci\u00f3n del MOOC DIMPA.<\/figcaption><\/figure>\n\n\n\n<p class=\"wp-block-paragraph\">Puedes descargar esta infograf\u00eda en formato PDF haciendo clic en el bot\u00f3n que aparece a continuaci\u00f3n:<\/p>\n\n\n\n<div class=\"wp-block-file\"><a id=\"wp-block-file--media-a2d9093a-30d1-4852-84c7-817a08c40a69\" href=\"https:\/\/format30.com\/wp-content\/uploads\/2026\/08\/5-cosas-que-aprendiste-in-este-modulo.pdf\">Introducci\u00f3n \u2013 Resumen del m\u00f3dulo<\/a><a href=\"https:\/\/format30.com\/wp-content\/uploads\/2026\/08\/5-cosas-que-aprendiste-in-este-modulo.pdf\" class=\"wp-block-file__button wp-element-button\" download aria-describedby=\"wp-block-file--media-a2d9093a-30d1-4852-84c7-817a08c40a69\">Descargar<\/a><\/div>\n\n\n\n<p class=\"wp-block-paragraph\">Como pod\u00e9is ver, la infograf\u00eda recoge cada uno de los cinco conceptos clave que se han aprendido en este m\u00f3dulo introductorio.<\/p>\n\n\n\n<p class=\"is-style-info wp-block-paragraph\"><strong>Otra idea que os permitir\u00e1 ahorrar tiempo y ayudar\u00e1 a que los conceptos se fijen en la memoria de vuestros alumnos: pedidles que elaboren este resumen en forma de infograf\u00eda, ya sea individualmente o en peque\u00f1os grupos. A continuaci\u00f3n, poned en com\u00fan los resultados y elegid la mejor infograf\u00eda. Esto puede convertirse en una actividad recurrente de vuestra clase. Una forma din\u00e1mica de hacer que vuestros alumnos repasen sin que parezca demasiado.<\/strong><\/p>\n\n\n\n<h2 id=\"fixer-les-notions-dans-la-memoire-a-l-aide-d-une-carte-mentale\" class=\"wp-block-heading\">Fijar los conceptos en la memoria mediante un mapa mental<\/h2>\n\n\n\n<p class=\"wp-block-paragraph\">Si no dispone de <a href=\"https:\/\/www.canva.com\/education\/\">Canva for Education<\/a> o si no dispones de una conexi\u00f3n wifi adecuada, pide a tus alumnos que creen una infograf\u00eda a mano. O un mapa mental que resuma la clase de la misma manera. Aqu\u00ed tienes un mapa mental creado autom\u00e1ticamente con <a href=\"https:\/\/mindmapai.app\/register?ref=MARCO-8MX35WZN\">el software de mapas mentales asistido por IA MindmapAI<\/a> desde la infograf\u00eda anterior.<\/p>\n\n\n\n<figure class=\"wp-block-image size-large\"><a href=\"https:\/\/i0.wp.com\/format30.com\/wp-content\/uploads\/2026\/08\/Resume-du-Module-dIntroduction.png?ssl=1\"><img data-recalc-dims=\"1\" loading=\"lazy\" decoding=\"async\" width=\"1024\" height=\"432\" data-attachment-id=\"57209\" data-permalink=\"https:\/\/format30.com\/es\/2026\/08\/17\/comment-fixer-les-notions-dans-la-memoire-de-vos-participants\/resume-du-module-dintroduction\/\" data-orig-file=\"https:\/\/i0.wp.com\/format30.com\/wp-content\/uploads\/2026\/08\/Resume-du-Module-dIntroduction.png?fit=4910%2C2070&amp;ssl=1\" data-orig-size=\"4910,2070\" data-comments-opened=\"1\" data-image-meta=\"{&quot;aperture&quot;:&quot;0&quot;,&quot;credit&quot;:&quot;&quot;,&quot;camera&quot;:&quot;&quot;,&quot;caption&quot;:&quot;&quot;,&quot;created_timestamp&quot;:&quot;0&quot;,&quot;copyright&quot;:&quot;&quot;,&quot;focal_length&quot;:&quot;0&quot;,&quot;iso&quot;:&quot;0&quot;,&quot;shutter_speed&quot;:&quot;0&quot;,&quot;title&quot;:&quot;&quot;,&quot;orientation&quot;:&quot;0&quot;,&quot;alt&quot;:&quot;&quot;}\" data-image-title=\"R\u00e9sum\u00e9 du Module d&amp;rsquo;Introduction\" data-image-description=\"\" data-image-caption=\"\" data-large-file=\"https:\/\/i0.wp.com\/format30.com\/wp-content\/uploads\/2026\/08\/Resume-du-Module-dIntroduction.png?fit=1024%2C432&amp;ssl=1\" src=\"https:\/\/format30.com\/wp-content\/uploads\/2026\/08\/Resumen-del-modulo-de-introduccion.jpg\" alt=\"C\u00f3mo fijar los conceptos en la memoria de tus participantes? Con una mapa mental\" class=\"wp-image-57209\" srcset=\"https:\/\/i0.wp.com\/format30.com\/wp-content\/uploads\/2026\/08\/Resumen-del-modulo-de-introduccion.jpg?w=1200&ssl=1 1200w, https:\/\/i0.wp.com\/format30.com\/wp-content\/uploads\/2026\/08\/Resumen-del-modulo-de-introduccion.jpg?resize=300%2C169&ssl=1 300w, https:\/\/i0.wp.com\/format30.com\/wp-content\/uploads\/2026\/08\/Resumen-del-modulo-de-introduccion.jpg?resize=1024%2C576&ssl=1 1024w, https:\/\/i0.wp.com\/format30.com\/wp-content\/uploads\/2026\/08\/Resumen-del-modulo-de-introduccion.jpg?resize=768%2C432&ssl=1 768w, https:\/\/i0.wp.com\/format30.com\/wp-content\/uploads\/2026\/08\/Resumen-del-modulo-de-introduccion.jpg?resize=18%2C10&ssl=1 18w\" sizes=\"auto, (max-width: 1000px) 100vw, 1000px\" \/><\/a><figcaption class=\"wp-element-caption\">Un mapa mental de MindmapAI para resumir el cap\u00edtulo del curso.<\/figcaption><\/figure>\n\n\n\n<p class=\"wp-block-paragraph\">Tambi\u00e9n puedes descargar una versi\u00f3n en PDF de este mapa haciendo clic en el bot\u00f3n que aparece a continuaci\u00f3n.<\/p>\n\n\n\n<div class=\"wp-block-file\"><a id=\"wp-block-file--media-8c2fa901-301f-4321-a990-4b68d15d0d65\" href=\"https:\/\/format30.com\/wp-content\/uploads\/2026\/08\/Resumen-del-Modulo-de-Introduccion.pdf\">Resumen del m\u00f3dulo introductorio<\/a><a href=\"https:\/\/format30.com\/wp-content\/uploads\/2026\/08\/Resumen-del-Modulo-de-Introduccion.pdf\" class=\"wp-block-file__button wp-element-button\" download aria-describedby=\"wp-block-file--media-8c2fa901-301f-4321-a990-4b68d15d0d65\">Descargar<\/a><\/div>\n\n\n\n<p class=\"wp-block-paragraph\">Este tipo de mapa mental se puede crear con cualquier programa inform\u00e1tico o incluso a mano. Anima a tus alumnos a crear este tipo de res\u00famenes. Te <a href=\"https:\/\/format30.com\/es\/2012\/01\/31\/resumer-un-cours-ou-un-article-avec-xmind\/\" data-type=\"post\" data-id=\"3518\">aqu\u00ed pone otro ejemplo<\/a>. Ahora te toca a ti \ud83d\ude09<\/p>\n\n\n\n<p class=\"has-text-align-center is-style-info wp-block-paragraph\"><strong>\u00bfTe ha gustado este art\u00edculo?&nbsp;<a href=\"https:\/\/pedagogiesactives.substack.com\/\">Suscr\u00edbase a nuestro bolet\u00edn informativo<\/a>&nbsp;\u00a1Y no te pierdas ninguna publicaci\u00f3n! Es gratis y sin spam garantizado.<\/strong><\/p>\n\n\n\n<p class=\"wp-block-paragraph\"><\/p>","protected":false},"excerpt":{"rendered":"<p>Comment fixer les notions dans la m\u00e9moire de vos participants ? Il existe plusieurs m\u00e9thodes, bien entendu. Mais aujourd&rsquo;hui, je vous propose une m\u00e9thode simple et qui a fait ses [&hellip;]<\/p>\n","protected":false},"author":7601135,"featured_media":57218,"comment_status":"open","ping_status":"open","sticky":false,"template":"","format":"standard","meta":{"_coblocks_attr":"","_coblocks_dimensions":"","_coblocks_responsive_height":"","_coblocks_accordion_ie_support":"","_monsterinsights_skip_tracking":false,"_EventAllDay":false,"_EventTimezone":"","_EventStartDate":"","_EventEndDate":"","_EventStartDateUTC":"","_EventEndDateUTC":"","_EventShowMap":false,"_EventShowMapLink":false,"_EventURL":"","_EventCost":"","_EventCostDescription":"","_EventCurrencySymbol":"","_EventCurrencyCode":"","_EventCurrencyPosition":"","_EventDateTimeSeparator":"","_EventTimeRangeSeparator":"","_EventOrganizerID":[],"_EventVenueID":[],"_OrganizerEmail":"","_OrganizerPhone":"","_OrganizerWebsite":"","_VenueAddress":"","_VenueCity":"","_VenueCountry":"","_VenueProvince":"","_VenueState":"","_VenueZip":"","_VenuePhone":"","_VenueURL":"","_VenueStateProvince":"","_VenueLat":"","_VenueLng":"","_VenueShowMap":false,"_VenueShowMapLink":false,"_jetpack_newsletter_access":"","_jetpack_dont_email_post_to_subs":false,"_jetpack_newsletter_tier_id":0,"_jetpack_memberships_contains_paywalled_content":false,"_wpcom_ai_launchpad_first_post":false,"_jetpack_feature_clip_id":0,"_jetpack_memberships_contains_paid_content":false,"footnotes":"","jetpack_publicize_message":"{title}\n\n{excerpt}\n\n{url}","jetpack_publicize_feature_enabled":true,"jetpack_social_post_already_shared":true,"jetpack_social_options":{"image_generator_settings":{"template":"highway","default_image_id":0,"font":"","enabled":false},"version":2},"_wpas_customize_per_network":false,"jetpack_post_was_ever_published":false},"categories":[1],"tags":[],"class_list":["post-57177","post","type-post","status-publish","format-standard","has-post-thumbnail","hentry","category-uncategorized"],"yoast_head":"<!-- This site is optimized with the Yoast SEO plugin v28.4 - https:\/\/yoast.com\/product\/yoast-seo-wordpress\/ -->\n<title>Comment fixer les notions dans la m\u00e9moire de vos participants - Formation 3.0<\/title>\n<meta name=\"description\" content=\"Comment fixer les notions dans la m\u00e9moire de vos apprenants ? Je vous propose une m\u00e9thode simple et qui ne prend pas trop de votre temps.\" \/>\n<meta name=\"robots\" content=\"index, follow, max-snippet:-1, max-image-preview:large, max-video-preview:-1\" \/>\n<link rel=\"canonical\" href=\"https:\/\/format30.com\/es\/2026\/08\/17\/como-fijar-los-conceptos-en-la-memoria-de-tus-participantes\/\" \/>\n<meta property=\"og:locale\" content=\"es_ES\" \/>\n<meta property=\"og:type\" content=\"article\" \/>\n<meta property=\"og:title\" content=\"Comment fixer les notions dans la m\u00e9moire de vos participants - Formation 3.0\" \/>\n<meta property=\"og:description\" content=\"Comment fixer les notions dans la m\u00e9moire de vos apprenants ? Je vous propose une m\u00e9thode simple et qui ne prend pas trop de votre temps.\" \/>\n<meta property=\"og:url\" content=\"https:\/\/format30.com\/es\/2026\/08\/17\/como-fijar-los-conceptos-en-la-memoria-de-tus-participantes\/\" \/>\n<meta property=\"og:site_name\" content=\"Formation 3.0\" \/>\n<meta property=\"article:publisher\" content=\"https:\/\/www.facebook.com\/Formation3.0\" \/>\n<meta property=\"article:published_time\" content=\"2026-08-17T05:00:00+00:00\" \/>\n<meta property=\"article:modified_time\" content=\"2026-08-25T09:42:34+00:00\" \/>\n<meta property=\"og:image\" content=\"https:\/\/format30.com\/wp-content\/uploads\/2026\/08\/Fixer-les-notions-dans-la-memoire-avec-une-infographie.jpg\" \/>\n\t<meta property=\"og:image:width\" content=\"1200\" \/>\n\t<meta property=\"og:image:height\" content=\"675\" \/>\n\t<meta property=\"og:image:type\" content=\"image\/jpeg\" \/>\n<meta name=\"author\" content=\"Marco Bertolini\" \/>\n<meta name=\"twitter:card\" content=\"summary_large_image\" \/>\n<meta name=\"twitter:creator\" content=\"@Formation3_0\" \/>\n<meta name=\"twitter:site\" content=\"@Formation3_0\" \/>\n<meta name=\"twitter:label1\" content=\"Escrito por\" \/>\n\t<meta name=\"twitter:data1\" content=\"Marco Bertolini\" \/>\n\t<meta name=\"twitter:label2\" content=\"Tiempo de lectura\" \/>\n\t<meta name=\"twitter:data2\" content=\"4 minutos\" \/>\n<script type=\"application\/ld+json\" class=\"yoast-schema-graph\">{\"@context\":\"https:\\\/\\\/schema.org\",\"@graph\":[{\"@type\":\"Article\",\"@id\":\"https:\\\/\\\/format30.com\\\/2026\\\/08\\\/17\\\/comment-fixer-les-notions-dans-la-memoire-de-vos-participants\\\/#article\",\"isPartOf\":{\"@id\":\"https:\\\/\\\/format30.com\\\/2026\\\/08\\\/17\\\/comment-fixer-les-notions-dans-la-memoire-de-vos-participants\\\/\"},\"author\":{\"name\":\"Marco Bertolini\",\"@id\":\"https:\\\/\\\/format30.com\\\/#\\\/schema\\\/person\\\/9c8a29bf75bd97a3627fb4d531320bf2\"},\"headline\":\"Comment fixer les notions dans la m\u00e9moire de vos participants\",\"datePublished\":\"2026-08-17T05:00:00+00:00\",\"dateModified\":\"2026-08-25T09:42:34+00:00\",\"mainEntityOfPage\":{\"@id\":\"https:\\\/\\\/format30.com\\\/2026\\\/08\\\/17\\\/comment-fixer-les-notions-dans-la-memoire-de-vos-participants\\\/\"},\"wordCount\":756,\"commentCount\":0,\"publisher\":{\"@id\":\"https:\\\/\\\/format30.com\\\/#organization\"},\"image\":{\"@id\":\"https:\\\/\\\/format30.com\\\/2026\\\/08\\\/17\\\/comment-fixer-les-notions-dans-la-memoire-de-vos-participants\\\/#primaryimage\"},\"thumbnailUrl\":\"https:\\\/\\\/i0.wp.com\\\/format30.com\\\/wp-content\\\/uploads\\\/2026\\\/08\\\/Fixer-les-notions-dans-la-memoire-avec-une-infographie.jpg?fit=1200%2C675&ssl=1\",\"articleSection\":[\"Uncategorized\"],\"inLanguage\":\"es\",\"potentialAction\":[{\"@type\":\"CommentAction\",\"name\":\"Comment\",\"target\":[\"https:\\\/\\\/format30.com\\\/2026\\\/08\\\/17\\\/comment-fixer-les-notions-dans-la-memoire-de-vos-participants\\\/#respond\"]}]},{\"@type\":\"WebPage\",\"@id\":\"https:\\\/\\\/format30.com\\\/2026\\\/08\\\/17\\\/comment-fixer-les-notions-dans-la-memoire-de-vos-participants\\\/\",\"url\":\"https:\\\/\\\/format30.com\\\/2026\\\/08\\\/17\\\/comment-fixer-les-notions-dans-la-memoire-de-vos-participants\\\/\",\"name\":\"Comment fixer les notions dans la m\u00e9moire de vos participants - Formation 3.0\",\"isPartOf\":{\"@id\":\"https:\\\/\\\/format30.com\\\/#website\"},\"primaryImageOfPage\":{\"@id\":\"https:\\\/\\\/format30.com\\\/2026\\\/08\\\/17\\\/comment-fixer-les-notions-dans-la-memoire-de-vos-participants\\\/#primaryimage\"},\"image\":{\"@id\":\"https:\\\/\\\/format30.com\\\/2026\\\/08\\\/17\\\/comment-fixer-les-notions-dans-la-memoire-de-vos-participants\\\/#primaryimage\"},\"thumbnailUrl\":\"https:\\\/\\\/i0.wp.com\\\/format30.com\\\/wp-content\\\/uploads\\\/2026\\\/08\\\/Fixer-les-notions-dans-la-memoire-avec-une-infographie.jpg?fit=1200%2C675&ssl=1\",\"datePublished\":\"2026-08-17T05:00:00+00:00\",\"dateModified\":\"2026-08-25T09:42:34+00:00\",\"description\":\"Comment fixer les notions dans la m\u00e9moire de vos apprenants ? Je vous propose une m\u00e9thode simple et qui ne prend pas trop de votre temps.\",\"breadcrumb\":{\"@id\":\"https:\\\/\\\/format30.com\\\/2026\\\/08\\\/17\\\/comment-fixer-les-notions-dans-la-memoire-de-vos-participants\\\/#breadcrumb\"},\"inLanguage\":\"es\",\"potentialAction\":[{\"@type\":\"ReadAction\",\"target\":[\"https:\\\/\\\/format30.com\\\/2026\\\/08\\\/17\\\/comment-fixer-les-notions-dans-la-memoire-de-vos-participants\\\/\"]}]},{\"@type\":\"ImageObject\",\"inLanguage\":\"es\",\"@id\":\"https:\\\/\\\/format30.com\\\/2026\\\/08\\\/17\\\/comment-fixer-les-notions-dans-la-memoire-de-vos-participants\\\/#primaryimage\",\"url\":\"https:\\\/\\\/i0.wp.com\\\/format30.com\\\/wp-content\\\/uploads\\\/2026\\\/08\\\/Fixer-les-notions-dans-la-memoire-avec-une-infographie.jpg?fit=1200%2C675&ssl=1\",\"contentUrl\":\"https:\\\/\\\/i0.wp.com\\\/format30.com\\\/wp-content\\\/uploads\\\/2026\\\/08\\\/Fixer-les-notions-dans-la-memoire-avec-une-infographie.jpg?fit=1200%2C675&ssl=1\",\"width\":1200,\"height\":675,\"caption\":\"Fixer les notions dans la m\u00e9moire de vos \u00e9tudiants avec une infographie.\"},{\"@type\":\"BreadcrumbList\",\"@id\":\"https:\\\/\\\/format30.com\\\/2026\\\/08\\\/17\\\/comment-fixer-les-notions-dans-la-memoire-de-vos-participants\\\/#breadcrumb\",\"itemListElement\":[{\"@type\":\"ListItem\",\"position\":1,\"name\":\"Accueil\",\"item\":\"https:\\\/\\\/format30.com\\\/\"},{\"@type\":\"ListItem\",\"position\":2,\"name\":\"Comment fixer les notions dans la m\u00e9moire de vos participants\"}]},{\"@type\":\"WebSite\",\"@id\":\"https:\\\/\\\/format30.com\\\/#website\",\"url\":\"https:\\\/\\\/format30.com\\\/\",\"name\":\"Formation 3.0\",\"description\":\"Formation 3.0 est un site d\u00e9di\u00e9 \u00e0 la formation, \u00e0 l&#039;\u00e9ducation, \u00e0 l&#039;emploi des nouvelles technologies dans l&#039;enseignement et \u00e0 la pens\u00e9e visuelle.\",\"publisher\":{\"@id\":\"https:\\\/\\\/format30.com\\\/#organization\"},\"potentialAction\":[{\"@type\":\"SearchAction\",\"target\":{\"@type\":\"EntryPoint\",\"urlTemplate\":\"https:\\\/\\\/format30.com\\\/?s={search_term_string}\"},\"query-input\":{\"@type\":\"PropertyValueSpecification\",\"valueRequired\":true,\"valueName\":\"search_term_string\"}}],\"inLanguage\":\"es\"},{\"@type\":\"Organization\",\"@id\":\"https:\\\/\\\/format30.com\\\/#organization\",\"name\":\"Formation 3.0\",\"url\":\"https:\\\/\\\/format30.com\\\/\",\"logo\":{\"@type\":\"ImageObject\",\"inLanguage\":\"es\",\"@id\":\"https:\\\/\\\/format30.com\\\/#\\\/schema\\\/logo\\\/image\\\/\",\"url\":\"https:\\\/\\\/i0.wp.com\\\/format30.com\\\/wp-content\\\/uploads\\\/2024\\\/09\\\/6a1a3-cropped-logo-f30-2023.jpg?fit=512%2C512&ssl=1\",\"contentUrl\":\"https:\\\/\\\/i0.wp.com\\\/format30.com\\\/wp-content\\\/uploads\\\/2024\\\/09\\\/6a1a3-cropped-logo-f30-2023.jpg?fit=512%2C512&ssl=1\",\"width\":512,\"height\":512,\"caption\":\"Formation 3.0\"},\"image\":{\"@id\":\"https:\\\/\\\/format30.com\\\/#\\\/schema\\\/logo\\\/image\\\/\"},\"sameAs\":[\"https:\\\/\\\/www.facebook.com\\\/Formation3.0\",\"https:\\\/\\\/x.com\\\/Formation3_0\",\"https:\\\/\\\/www.linkedin.com\\\/company\\\/formation-3-0\\\/\"]},{\"@type\":\"Person\",\"@id\":\"https:\\\/\\\/format30.com\\\/#\\\/schema\\\/person\\\/9c8a29bf75bd97a3627fb4d531320bf2\",\"name\":\"Marco Bertolini\",\"image\":{\"@type\":\"ImageObject\",\"inLanguage\":\"es\",\"@id\":\"https:\\\/\\\/secure.gravatar.com\\\/avatar\\\/755a2d19e08e5921fafc9312381678cb3dd80f323b22b8d9d7c88f18254e3165?s=96&r=g\",\"url\":\"https:\\\/\\\/secure.gravatar.com\\\/avatar\\\/755a2d19e08e5921fafc9312381678cb3dd80f323b22b8d9d7c88f18254e3165?s=96&r=g\",\"contentUrl\":\"https:\\\/\\\/secure.gravatar.com\\\/avatar\\\/755a2d19e08e5921fafc9312381678cb3dd80f323b22b8d9d7c88f18254e3165?s=96&r=g\",\"caption\":\"Marco Bertolini\"},\"description\":\"Formateur et concepteur p\u00e9dagogique, je propose des formations num\u00e9riques en pr\u00e9sentiel enrichi, en formation hybride (pr\u00e9sentiel enrichi et cours en ligne) et en formation 100 % en ligne (e-learning ou FOAD).\",\"url\":\"https:\\\/\\\/format30.com\\\/es\\\/author\\\/marcobertolini\\\/\"}]}<\/script>\n<!-- \/ Yoast SEO plugin. -->","yoast_head_json":{"title":"C\u00f3mo fijar los conceptos en la memoria de tus participantes","description":"\u00bfC\u00f3mo fijar los conceptos en la memoria de tus alumnos? Te propongo un m\u00e9todo sencillo que no te llevar\u00e1 demasiado tiempo.","robots":{"index":"index","follow":"follow","max-snippet":"max-snippet:-1","max-image-preview":"max-image-preview:large","max-video-preview":"max-video-preview:-1"},"canonical":"https:\/\/format30.com\/es\/2026\/08\/17\/como-fijar-los-conceptos-en-la-memoria-de-tus-participantes\/","og_locale":"es_ES","og_type":"article","og_title":"Comment fixer les notions dans la m\u00e9moire de vos participants - Formation 3.0","og_description":"Comment fixer les notions dans la m\u00e9moire de vos apprenants ? Je vous propose une m\u00e9thode simple et qui ne prend pas trop de votre temps.","og_url":"https:\/\/format30.com\/es\/2026\/08\/17\/como-fijar-los-conceptos-en-la-memoria-de-tus-participantes\/","og_site_name":"Formation 3.0","article_publisher":"https:\/\/www.facebook.com\/Formation3.0","article_published_time":"2026-08-17T05:00:00+00:00","article_modified_time":"2026-08-25T09:42:34+00:00","og_image":[{"width":1200,"height":675,"url":"https:\/\/format30.com\/wp-content\/uploads\/2026\/08\/Fixer-les-notions-dans-la-memoire-avec-une-infographie.jpg","type":"image\/jpeg"}],"author":"Marco Bertolini","twitter_card":"summary_large_image","twitter_creator":"@Formation3_0","twitter_site":"@Formation3_0","twitter_misc":{"Escrito por":"Marco Bertolini","Tiempo de lectura":"4 minutos"},"schema":{"@context":"https:\/\/schema.org","@graph":[{"@type":"Article","@id":"https:\/\/format30.com\/2026\/08\/17\/comment-fixer-les-notions-dans-la-memoire-de-vos-participants\/#article","isPartOf":{"@id":"https:\/\/format30.com\/2026\/08\/17\/comment-fixer-les-notions-dans-la-memoire-de-vos-participants\/"},"author":{"name":"Marco Bertolini","@id":"https:\/\/format30.com\/#\/schema\/person\/9c8a29bf75bd97a3627fb4d531320bf2"},"headline":"Comment fixer les notions dans la m\u00e9moire de vos participants","datePublished":"2026-08-17T05:00:00+00:00","dateModified":"2026-08-25T09:42:34+00:00","mainEntityOfPage":{"@id":"https:\/\/format30.com\/2026\/08\/17\/comment-fixer-les-notions-dans-la-memoire-de-vos-participants\/"},"wordCount":756,"commentCount":0,"publisher":{"@id":"https:\/\/format30.com\/#organization"},"image":{"@id":"https:\/\/format30.com\/2026\/08\/17\/comment-fixer-les-notions-dans-la-memoire-de-vos-participants\/#primaryimage"},"thumbnailUrl":"https:\/\/i0.wp.com\/format30.com\/wp-content\/uploads\/2026\/08\/Fixer-les-notions-dans-la-memoire-avec-une-infographie.jpg?fit=1200%2C675&ssl=1","articleSection":["Uncategorized"],"inLanguage":"es","potentialAction":[{"@type":"CommentAction","name":"Comment","target":["https:\/\/format30.com\/2026\/08\/17\/comment-fixer-les-notions-dans-la-memoire-de-vos-participants\/#respond"]}]},{"@type":"WebPage","@id":"https:\/\/format30.com\/2026\/08\/17\/comment-fixer-les-notions-dans-la-memoire-de-vos-participants\/","url":"https:\/\/format30.com\/2026\/08\/17\/comment-fixer-les-notions-dans-la-memoire-de-vos-participants\/","name":"C\u00f3mo fijar los conceptos en la memoria de tus participantes","isPartOf":{"@id":"https:\/\/format30.com\/#website"},"primaryImageOfPage":{"@id":"https:\/\/format30.com\/2026\/08\/17\/comment-fixer-les-notions-dans-la-memoire-de-vos-participants\/#primaryimage"},"image":{"@id":"https:\/\/format30.com\/2026\/08\/17\/comment-fixer-les-notions-dans-la-memoire-de-vos-participants\/#primaryimage"},"thumbnailUrl":"https:\/\/i0.wp.com\/format30.com\/wp-content\/uploads\/2026\/08\/Fixer-les-notions-dans-la-memoire-avec-une-infographie.jpg?fit=1200%2C675&ssl=1","datePublished":"2026-08-17T05:00:00+00:00","dateModified":"2026-08-25T09:42:34+00:00","description":"\u00bfC\u00f3mo fijar los conceptos en la memoria de tus alumnos? Te propongo un m\u00e9todo sencillo que no te llevar\u00e1 demasiado tiempo.","breadcrumb":{"@id":"https:\/\/format30.com\/2026\/08\/17\/comment-fixer-les-notions-dans-la-memoire-de-vos-participants\/#breadcrumb"},"inLanguage":"es","potentialAction":[{"@type":"ReadAction","target":["https:\/\/format30.com\/2026\/08\/17\/comment-fixer-les-notions-dans-la-memoire-de-vos-participants\/"]}]},{"@type":"ImageObject","inLanguage":"es","@id":"https:\/\/format30.com\/2026\/08\/17\/comment-fixer-les-notions-dans-la-memoire-de-vos-participants\/#primaryimage","url":"https:\/\/i0.wp.com\/format30.com\/wp-content\/uploads\/2026\/08\/Fixer-les-notions-dans-la-memoire-avec-une-infographie.jpg?fit=1200%2C675&ssl=1","contentUrl":"https:\/\/i0.wp.com\/format30.com\/wp-content\/uploads\/2026\/08\/Fixer-les-notions-dans-la-memoire-avec-une-infographie.jpg?fit=1200%2C675&ssl=1","width":1200,"height":675,"caption":"Fixer les notions dans la m\u00e9moire de vos \u00e9tudiants avec une infographie."},{"@type":"BreadcrumbList","@id":"https:\/\/format30.com\/2026\/08\/17\/comment-fixer-les-notions-dans-la-memoire-de-vos-participants\/#breadcrumb","itemListElement":[{"@type":"ListItem","position":1,"name":"Accueil","item":"https:\/\/format30.com\/"},{"@type":"ListItem","position":2,"name":"Comment fixer les notions dans la m\u00e9moire de vos participants"}]},{"@type":"WebSite","@id":"https:\/\/format30.com\/#website","url":"https:\/\/format30.com\/","name":"Formation 3.0","description":"Formaci\u00f3n 3.0 es un sitio web dedicado a la formaci\u00f3n, la educaci\u00f3n, el uso de las nuevas tecnolog\u00edas en la ense\u00f1anza y el pensamiento visual.","publisher":{"@id":"https:\/\/format30.com\/#organization"},"potentialAction":[{"@type":"SearchAction","target":{"@type":"EntryPoint","urlTemplate":"https:\/\/format30.com\/?s={search_term_string}"},"query-input":{"@type":"PropertyValueSpecification","valueRequired":true,"valueName":"search_term_string"}}],"inLanguage":"es"},{"@type":"Organization","@id":"https:\/\/format30.com\/#organization","name":"Formation 3.0","url":"https:\/\/format30.com\/","logo":{"@type":"ImageObject","inLanguage":"es","@id":"https:\/\/format30.com\/#\/schema\/logo\/image\/","url":"https:\/\/i0.wp.com\/format30.com\/wp-content\/uploads\/2024\/09\/6a1a3-cropped-logo-f30-2023.jpg?fit=512%2C512&ssl=1","contentUrl":"https:\/\/i0.wp.com\/format30.com\/wp-content\/uploads\/2024\/09\/6a1a3-cropped-logo-f30-2023.jpg?fit=512%2C512&ssl=1","width":512,"height":512,"caption":"Formation 3.0"},"image":{"@id":"https:\/\/format30.com\/#\/schema\/logo\/image\/"},"sameAs":["https:\/\/www.facebook.com\/Formation3.0","https:\/\/x.com\/Formation3_0","https:\/\/www.linkedin.com\/company\/formation-3-0\/"]},{"@type":"Person","@id":"https:\/\/format30.com\/#\/schema\/person\/9c8a29bf75bd97a3627fb4d531320bf2","name":"Marco Bertolini","image":{"@type":"ImageObject","inLanguage":"es","@id":"https:\/\/secure.gravatar.com\/avatar\/755a2d19e08e5921fafc9312381678cb3dd80f323b22b8d9d7c88f18254e3165?s=96&r=g","url":"https:\/\/secure.gravatar.com\/avatar\/755a2d19e08e5921fafc9312381678cb3dd80f323b22b8d9d7c88f18254e3165?s=96&r=g","contentUrl":"https:\/\/secure.gravatar.com\/avatar\/755a2d19e08e5921fafc9312381678cb3dd80f323b22b8d9d7c88f18254e3165?s=96&r=g","caption":"Marco Bertolini"},"description":"Como formador y dise\u00f1ador pedag\u00f3gico, ofrezco cursos de formaci\u00f3n digital presenciales enriquecidos, cursos h\u00edbridos (presenciales enriquecidos y cursos en l\u00ednea) y cursos 100 % en l\u00ednea (e-learning o FOAD).","url":"https:\/\/format30.com\/es\/author\/marcobertolini\/"}]}},"jetpack_publicize_connections":[],"jetpack_likes_enabled":true,"jetpack_sharing_enabled":true,"jetpack_shortlink":"https:\/\/wp.me\/pK9xl-eSd","jetpack-related-posts":[],"amp_enabled":true,"jetpack_featured_media_url":"https:\/\/i0.wp.com\/format30.com\/wp-content\/uploads\/2026\/08\/Fixer-les-notions-dans-la-memoire-avec-une-infographie.jpg?fit=1200%2C675&ssl=1","_links":{"self":[{"href":"https:\/\/format30.com\/es\/wp-json\/wp\/v2\/posts\/57177","targetHints":{"allow":["GET"]}}],"collection":[{"href":"https:\/\/format30.com\/es\/wp-json\/wp\/v2\/posts"}],"about":[{"href":"https:\/\/format30.com\/es\/wp-json\/wp\/v2\/types\/post"}],"author":[{"embeddable":true,"href":"https:\/\/format30.com\/es\/wp-json\/wp\/v2\/users\/7601135"}],"replies":[{"embeddable":true,"href":"https:\/\/format30.com\/es\/wp-json\/wp\/v2\/comments?post=57177"}],"version-history":[{"count":28,"href":"https:\/\/format30.com\/es\/wp-json\/wp\/v2\/posts\/57177\/revisions"}],"predecessor-version":[{"id":57428,"href":"https:\/\/format30.com\/es\/wp-json\/wp\/v2\/posts\/57177\/revisions\/57428"}],"wp:featuredmedia":[{"embeddable":true,"href":"https:\/\/format30.com\/es\/wp-json\/wp\/v2\/media\/57218"}],"wp:attachment":[{"href":"https:\/\/format30.com\/es\/wp-json\/wp\/v2\/media?parent=57177"}],"wp:term":[{"taxonomy":"category","embeddable":true,"href":"https:\/\/format30.com\/es\/wp-json\/wp\/v2\/categories?post=57177"},{"taxonomy":"post_tag","embeddable":true,"href":"https:\/\/format30.com\/es\/wp-json\/wp\/v2\/tags?post=57177"}],"curies":[{"name":"wp","href":"https:\/\/api.w.org\/{rel}","templated":true}]}}